{"id":35767,"date":"2026-02-15T03:54:38","date_gmt":"2026-02-15T02:54:38","guid":{"rendered":"https:\/\/www.avocats-lacombe-brisou.fr\/?p=35767"},"modified":"2026-02-15T03:54:42","modified_gmt":"2026-02-15T02:54:42","slug":"avocat-reprise-entreprise","status":"publish","type":"post","link":"https:\/\/www.avocats-lacombe-brisou.fr\/en\/avocat-reprise-entreprise\/","title":{"rendered":"Avocat reprise d&#8217;entreprise"},"content":{"rendered":"\n<p>Vous avez identifi\u00e9 une entreprise \u00e0 reprendre ? Avant d\u2019investir, il est essentiel d\u2019<strong>encadrer juridiquement votre reprise<\/strong>. Lettre d\u2019intention, audit, n\u00e9gociations, contractualisation de l\u2019op\u00e9ration : chaque \u00e9tape comporte des risques.&nbsp;<\/p>\n\n\n\n<p>Notre cabinet d\u2019<strong><a href=\"https:\/\/www.avocats-lacombe-brisou.fr\/nos-expertises\/droit-des-affaires\/\">avocats en droit des affaires<\/a><\/strong> vous accompagne pour <strong>s\u00e9curiser la reprise d\u2019une entreprise<\/strong> \u00e0 chaque \u00e9tape.<\/p>\n\n\n\n<p>Que vous soyez porteur de projet, investisseur ou repreneur familial, nous vous aidons \u00e0 <strong>structurer l\u2019acquisition<\/strong>, \u00e0 en ma\u00eetriser la fiscalit\u00e9, et \u00e0 pr\u00e9venir les contentieux post-cession.<\/p>\n\n\n\n<h2 class=\"wp-block-heading\">Pourquoi faire appel \u00e0 un avocat pour une reprise d\u2019entreprise ?<\/h2>\n\n\n\n<p>Faire l\u2019acquisition d\u2019une soci\u00e9t\u00e9 ne consiste pas simplement \u00e0 signer un ch\u00e8que. Derri\u00e8re la promesse d\u2019un rachat r\u00e9ussi se cachent de nombreuses zones d\u2019ombre : dettes dissimul\u00e9es, engagements non r\u00e9v\u00e9l\u00e9s, valorisation sur\u00e9valu\u00e9e, contrats \u00e0 risques.<\/p>\n\n\n\n<p>Faire appel \u00e0 un <strong>avocat en reprise d\u2019entreprise<\/strong>, c\u2019est b\u00e9n\u00e9ficier :<\/p>\n\n\n\n<ul class=\"wp-block-list\">\n<li>D\u2019un <strong>audit juridique et fiscal<\/strong> rigoureux (<em>due diligence<\/em>),<\/li>\n\n\n\n<li>D\u2019un accompagnement lors de la <strong>n\u00e9gociation des clauses sensibles<\/strong>,<\/li>\n\n\n\n<li>De la <strong>r\u00e9daction du contrat de cession d\u2019entreprise<\/strong> dans votre int\u00e9r\u00eat,<\/li>\n\n\n\n<li>D\u2019une ma\u00eetrise des garanties : <strong>garantie d\u2019actif passif<\/strong>, engagements du c\u00e9dant, et de tout autre \u00e9l\u00e9ment contractuel essentiel.<\/li>\n<\/ul>\n\n\n\n<h2 class=\"wp-block-heading\">Les \u00e9tapes cl\u00e9s d\u2019une reprise encadr\u00e9e juridiquement<\/h2>\n\n\n\n<h3 class=\"wp-block-heading\">Lettre d\u2019intention et audit pr\u00e9alable<\/h3>\n\n\n\n<p>La <strong>lettre d\u2019intention (LOI)<\/strong> fixe les grandes lignes de la reprise (prix, calendrier, conditions) avant la signature du contrat. Nous vous assistons dans sa r\u00e9daction pour qu\u2019elle prot\u00e8ge vos droits sans vous engager pr\u00e9matur\u00e9ment.<\/p>\n\n\n\n<p>Vient ensuite l\u2019\u00e9tape de l\u2019<strong>audit (due diligence)<\/strong> : examen des comptes, des contrats, de la fiscalit\u00e9, de l\u2019environnement juridique. Objectif : <strong>d\u00e9celer les risques<\/strong> et ajuster les conditions de la reprise.<\/p>\n\n\n\n<h3 class=\"wp-block-heading\">N\u00e9gociation des garanties et clauses sensibles<\/h3>\n\n\n\n<p>Nous intervenons \u00e0 vos c\u00f4t\u00e9s pour n\u00e9gocier :<\/p>\n\n\n\n<ul class=\"wp-block-list\">\n<li>La <strong>garantie d\u2019actif et de passif<\/strong>,<\/li>\n\n\n\n<li>Les conditions suspensives (financement, autorisation, audit satisfaisant),<\/li>\n\n\n\n<li>Les m\u00e9canismes d\u2019ajustement de prix,<\/li>\n\n\n\n<li>Les \u00e9ventuels <strong>pactes d\u2019associ\u00e9s<\/strong> si vous entrez au capital avec d\u2019autres actionnaires.<\/li>\n<\/ul>\n\n\n\n<h3 class=\"wp-block-heading\">R\u00e9daction et signature du contrat de cession<\/h3>\n\n\n\n<p>La <strong>r\u00e9daction du contrat de cession d\u2019entreprise<\/strong> est l\u2019\u00e9tape la plus technique. Notre r\u00f4le est de veiller \u00e0 ce que chaque clause soit claire, \u00e9quilibr\u00e9e et adapt\u00e9e \u00e0 votre situation. Nous encadrons \u00e9galement la signature et les formalit\u00e9s post\u00e9rieures (enregistrement, transfert des titres\u2026).<\/p>\n\n\n\n<h2 class=\"wp-block-heading\">Les risques \u00e0 anticiper lors d\u2019une reprise mal pr\u00e9par\u00e9e<\/h2>\n\n\n\n<p>Une reprise mal cadr\u00e9e peut avoir des effets d\u00e9sastreux :<\/p>\n\n\n\n<ul class=\"wp-block-list\">\n<li>D\u00e9couverte d\u2019un <strong>passif fiscal ou social<\/strong> non anticip\u00e9,<\/li>\n\n\n\n<li>Litige sur les clauses du contrat de cession,<\/li>\n\n\n\n<li>Manque de protection juridique post-reprise,<\/li>\n\n\n\n<li>Responsabilit\u00e9 personnelle du repreneur.<\/li>\n<\/ul>\n\n\n\n<p>Un <strong>accompagnement juridique pour une acquisition de soci\u00e9t\u00e9<\/strong> permet d\u2019\u00e9viter ces erreurs co\u00fbteuses, en anticipant chaque difficult\u00e9 potentielle.<\/p>\n\n\n\n<h2 class=\"wp-block-heading\">Ce que notre cabinet vous propose<\/h2>\n\n\n\n<p>Nous accompagnons les repreneurs d\u2019entreprise \u00e0 chaque \u00e9tape :<\/p>\n\n\n\n<ul class=\"wp-block-list\">\n<li>R\u00e9daction de la <strong>lettre d\u2019intention<\/strong>,<\/li>\n\n\n\n<li>Analyse et <strong>due diligence juridique et fiscale<\/strong>,<\/li>\n\n\n\n<li>Accompagnement dans la <strong>n\u00e9gociation de la garantie d\u2019actif passif<\/strong>,<\/li>\n\n\n\n<li>R\u00e9daction, n\u00e9gociations, explication et signature du <strong>contrat de cession<\/strong>,<\/li>\n\n\n\n<li>Accompagnement post-reprise (pacte d\u2019associ\u00e9s, restructuration, gouvernance\u2026).<\/li>\n<\/ul>\n\n\n\n<p>Que vous rachetiez un <strong>fonds de commerce<\/strong>, des <strong>parts sociales<\/strong> ou des <strong>actions de soci\u00e9t\u00e9<\/strong>, nous s\u00e9curisons l\u2019op\u00e9ration de mani\u00e8re strat\u00e9gique et adapt\u00e9e \u00e0 vos objectifs.<\/p>\n\n\n\n<p>Consultez aussi nos pages compl\u00e9mentaires :<br><br><a href=\"https:\/\/www.avocats-lacombe-brisou.fr\/droit-des-affaires\/avocat-cession-entreprise\/contrat-de-cession\/\">\u2192 Contrat de cession d\u2019entreprise<br><\/a><a href=\"https:\/\/www.avocats-lacombe-brisou.fr\/droit-des-affaires\/avocat-cession-entreprise\/pacte-cession-entreprise\/\">\u2192 Compromis de cession d\u2019entreprise<br><\/a><a href=\"https:\/\/www.avocats-lacombe-brisou.fr\/droit-des-affaires\/avocat-cession-entreprise\/\">\u2192 Avocat cession entreprise<br><\/a><a href=\"https:\/\/www.avocats-lacombe-brisou.fr\/droit-des-affaires\/transmission\/\">\u2192 Transmission d\u2019entreprise familiale<\/a><\/p>\n\n\n\n<h2 class=\"wp-block-heading\">Questions fr\u00e9quentes sur la reprise d\u2019entreprise<\/h2>\n\n\n\n<h3 class=\"wp-block-heading\">Quelle est la diff\u00e9rence entre racheter les titres et les actifs d\u2019une soci\u00e9t\u00e9 ?<\/h3>\n\n\n\n<p>Racheter les <strong>parts sociales<\/strong> ou les <strong>actions<\/strong> d\u2019une soci\u00e9t\u00e9 vous fait devenir propri\u00e9taire de l\u2019entreprise dans son ensemble (avec son passif). Reprendre les <strong>actifs (fonds de commerce)<\/strong> revient \u00e0 acheter uniquement l\u2019activit\u00e9, en laissant le passif au vendeur. Le montage doit \u00eatre choisi selon vos objectifs et les risques identifi\u00e9s.<\/p>\n\n\n\n<h3 class=\"wp-block-heading\">Qu\u2019est-ce qu\u2019une lettre d\u2019intention (LOI) dans une reprise ?<\/h3>\n\n\n\n<p>C\u2019est un document pr\u00e9contractuel qui fixe les intentions des parties avant la signature d\u2019un compromis ou du contrat d\u00e9finitif. Elle s\u00e9curise les n\u00e9gociations tout en laissant une certaine souplesse. Mieux vaut la faire r\u00e9diger par un <strong>avocat en droit des affaires<\/strong>.<\/p>\n\n\n\n<h3 class=\"wp-block-heading\">Pourquoi faire un audit avant d\u2019acheter une entreprise ?<\/h3>\n\n\n\n<p>L\u2019<strong>audit (ou <\/strong><strong><em>due diligence<\/em><\/strong><strong>)<\/strong> permet d\u2019examiner l\u2019enti\u00e8ret\u00e9 de l\u2019entreprise et de v\u00e9rifier notamment les comptes, les contrats, les litiges ou encore la fiscalit\u00e9 de la soci\u00e9t\u00e9 afin de s\u2019assurer de leur v\u00e9racit\u00e9 et d\u2019ajuster le prix ou les conditions de la reprise.<\/p>\n\n\n\n<h3 class=\"wp-block-heading\">\u00c0 quoi sert une garantie d\u2019actif et de passif ?<\/h3>\n\n\n\n<p>Elle prot\u00e8ge le repreneur en cas de d\u00e9couverte d\u2019un passif ou de la sous-valorisation d\u2019un actif post-cession (dettes, redressement fiscal\u2026). Cette clause est n\u00e9goci\u00e9e et encadr\u00e9e dans le <strong>contrat de cession<\/strong>.&nbsp;<\/p>\n\n\n\n<h3 class=\"wp-block-heading\">Faut-il signer un pacte d\u2019associ\u00e9s apr\u00e8s une reprise ?<\/h3>\n\n\n\n<p>Oui, d\u00e8s lors que vous entrez au capital avec d\u2019autres associ\u00e9s ou si l\u2019ancien dirigeant conserve une part de contr\u00f4le. Le <strong>pacte d\u2019associ\u00e9s<\/strong> permet notamment d\u2019organiser de mani\u00e8re confidentielle la gouvernance de la soci\u00e9t\u00e9, la r\u00e9partition des droits de vote ou encore la revente des titres\u2026<\/p>\n\n\n\n<h3 class=\"wp-block-heading\">Contactez un avocat en droit des affaires<\/h3>\n\n\n\n<p>Vous pr\u00e9parez une <strong>reprise d\u2019entreprise<\/strong> ?<br><strong>Prenez rendez-vous pour s\u00e9curiser votre projet.<\/strong><br>Notre cabinet vous accompagne \u00e0 chaque \u00e9tape, avec pr\u00e9cision et confidentialit\u00e9.<\/p>\n\n\n\n<p>Confiez la r\u00e9daction de vos actes \u00e0 un avocat exp\u00e9riment\u00e9<br>Obtenez un accompagnement complet dans la n\u00e9gociation<\/p>\n","protected":false},"excerpt":{"rendered":"<p>Vous avez identifi\u00e9 une entreprise \u00e0 reprendre ? Avant d\u2019investir, il est essentiel d\u2019encadrer juridiquement&hellip;<\/p>\n","protected":false},"author":1,"featured_media":0,"comment_status":"closed","ping_status":"closed","sticky":false,"template":"","format":"standard","meta":{"rs_blank_template":"","rs_page_bg_color":"","slide_template_v7":"","footnotes":""},"categories":[198],"tags":[],"class_list":["post-35767","post","type-post","status-publish","format-standard","hentry","category-droit-des-affaires"],"_links":{"self":[{"href":"https:\/\/www.avocats-lacombe-brisou.fr\/en\/wp-json\/wp\/v2\/posts\/35767","targetHints":{"allow":["GET"]}}],"collection":[{"href":"https:\/\/www.avocats-lacombe-brisou.fr\/en\/wp-json\/wp\/v2\/posts"}],"about":[{"href":"https:\/\/www.avocats-lacombe-brisou.fr\/en\/wp-json\/wp\/v2\/types\/post"}],"author":[{"embeddable":true,"href":"https:\/\/www.avocats-lacombe-brisou.fr\/en\/wp-json\/wp\/v2\/users\/1"}],"replies":[{"embeddable":true,"href":"https:\/\/www.avocats-lacombe-brisou.fr\/en\/wp-json\/wp\/v2\/comments?post=35767"}],"version-history":[{"count":1,"href":"https:\/\/www.avocats-lacombe-brisou.fr\/en\/wp-json\/wp\/v2\/posts\/35767\/revisions"}],"predecessor-version":[{"id":35768,"href":"https:\/\/www.avocats-lacombe-brisou.fr\/en\/wp-json\/wp\/v2\/posts\/35767\/revisions\/35768"}],"wp:attachment":[{"href":"https:\/\/www.avocats-lacombe-brisou.fr\/en\/wp-json\/wp\/v2\/media?parent=35767"}],"wp:term":[{"taxonomy":"category","embeddable":true,"href":"https:\/\/www.avocats-lacombe-brisou.fr\/en\/wp-json\/wp\/v2\/categories?post=35767"},{"taxonomy":"post_tag","embeddable":true,"href":"https:\/\/www.avocats-lacombe-brisou.fr\/en\/wp-json\/wp\/v2\/tags?post=35767"}],"curies":[{"name":"wp","href":"https:\/\/api.w.org\/{rel}","templated":true}]}}