{"id":35793,"date":"2026-02-15T04:31:07","date_gmt":"2026-02-15T03:31:07","guid":{"rendered":"https:\/\/www.avocats-lacombe-brisou.fr\/?p=35793"},"modified":"2026-02-15T04:31:09","modified_gmt":"2026-02-15T03:31:09","slug":"avocat-rgpd","status":"publish","type":"post","link":"https:\/\/www.avocats-lacombe-brisou.fr\/it\/avocat-rgpd\/","title":{"rendered":"Avocat RGPD"},"content":{"rendered":"\n<p>Le <strong>R\u00e8glement G\u00e9n\u00e9ral sur la Protection des Donn\u00e9es (RGPD)<\/strong> est bien plus qu&#8217;une obligation l\u00e9gale : c\u2019est un v\u00e9ritable levier de <strong>confiance et de s\u00e9curit\u00e9 juridique<\/strong> pour votre activit\u00e9. Fort de notre expertise d&#8217;<strong><a href=\"https:\/\/www.avocats-lacombe-brisou.fr\/nos-expertises\/droit-des-affaires\/\" target=\"_blank\" rel=\"noreferrer noopener\">avocat en droit des affaires \u00e0 Toulon<\/a><\/strong>, notre cabinet vous accompagne \u00e0 chaque \u00e9tape de votre mise en conformit\u00e9 tant en mati\u00e8re de protection des donn\u00e9es personnelles que de conformit\u00e9 \u00e0 la r\u00e9glementation RGPD.<\/p>\n\n\n\n<p><strong>Pourquoi faire appel \u00e0 un avocat RGPD ?<\/strong><\/p>\n\n\n\n<p>Face \u00e0 des obligations de plus en plus complexes et \u00e0 des contr\u00f4les renforc\u00e9s par la <strong>CNIL<\/strong>, il est essentiel de :<\/p>\n\n\n\n<ul class=\"wp-block-list\">\n<li>S\u00e9curiser juridiquement vos traitements de donn\u00e9es ;<\/li>\n\n\n\n<li>Anticiper les <strong>sanctions RGPD<\/strong> en cas de manquements ;<\/li>\n\n\n\n<li>Gagner du temps avec des solutions adapt\u00e9es \u00e0 votre secteur d\u2019activit\u00e9 ;<\/li>\n\n\n\n<li>\u00catre accompagn\u00e9 lors d\u2019un <strong>contr\u00f4le CNIL<\/strong> ou d\u2019une fuite de donn\u00e9es.&nbsp;<\/li>\n<\/ul>\n\n\n\n<h2 class=\"wp-block-heading\">Nos services en mati\u00e8re de conformit\u00e9 RGPD<\/h2>\n\n\n\n<h3 class=\"wp-block-heading\">Audit de conformit\u00e9 RGPD<\/h3>\n\n\n\n<p>Nous r\u00e9alisons un <strong>audit RGPD entreprise<\/strong> complet afin d\u2019\u00e9valuer les \u00e9carts entre vos pratiques actuelles et les obligations l\u00e9gales. Cela inclut :<\/p>\n\n\n\n<ul class=\"wp-block-list\">\n<li>L\u2019analyse de vos <strong>registres des traitements<\/strong> ;<\/li>\n\n\n\n<li>La v\u00e9rification des bases l\u00e9gales utilis\u00e9es ;<\/li>\n\n\n\n<li>L\u2019\u00e9valuation des mesures de s\u00e9curit\u00e9 mises en place.&nbsp;<\/li>\n<\/ul>\n\n\n\n<h3 class=\"wp-block-heading\">R\u00e9daction et mise \u00e0 jour des documents l\u00e9gaux<\/h3>\n\n\n\n<p>Nos avocats r\u00e9digent ou mettent \u00e0 jour tous les documents obligatoires :<\/p>\n\n\n\n<ul class=\"wp-block-list\">\n<li><strong>Politique de confidentialit\u00e9 RGPD<\/strong> ;<\/li>\n\n\n\n<li>Informations \u00e0 destination des clients, salari\u00e9s et partenaires ;<\/li>\n\n\n\n<li>Mentions obligatoires sur site internet, contrats et formulaires.&nbsp;<\/li>\n<\/ul>\n\n\n\n<h3 class=\"wp-block-heading\">Assistance en cas de contr\u00f4le CNIL<\/h3>\n\n\n\n<p>Vous \u00eates vis\u00e9 par une enqu\u00eate ou un <strong>contr\u00f4le CNIL<\/strong> ? Notre cabinet vous assiste dans la constitution du dossier, la r\u00e9ponse aux demandes, et le suivi du contentieux \u00e9ventuel.<\/p>\n\n\n\n<h2 class=\"wp-block-heading\">Formation RGPD pour vos \u00e9quipes<\/h2>\n\n\n\n<p>Sensibiliser vos collaborateurs est une obligation, mais surtout un levier d\u2019efficacit\u00e9. Nous proposons des formations personnalis\u00e9es, adapt\u00e9es aux r\u00e9alit\u00e9s de votre entreprise.<\/p>\n\n\n\n<h2 class=\"wp-block-heading\">Les risques d\u2019une entreprise non conforme au RGPD<\/h2>\n\n\n\n<p>Une <strong>entreprise non conforme au RGPD<\/strong> s\u2019expose \u00e0 des risques multiples :<\/p>\n\n\n\n<ul class=\"wp-block-list\">\n<li><strong>Sanctions financi\u00e8res<\/strong> ;<\/li>\n\n\n\n<li>Mise en cause de la responsabilit\u00e9 du dirigeant ;<\/li>\n\n\n\n<li>Perte de cr\u00e9dibilit\u00e9 commerciale ;<\/li>\n\n\n\n<li>Obligation de signalement en cas de violation de donn\u00e9es.<\/li>\n<\/ul>\n\n\n\n<p>La <strong>protection des donn\u00e9es personnelles<\/strong> est aujourd\u2019hui une exigence incontournable pour vos clients, partenaires et salari\u00e9s.<\/p>\n\n\n\n<h2 class=\"wp-block-heading\">Questions fr\u00e9quentes sur le RGPD et les obligations l\u00e9gales<\/h2>\n\n\n\n<h3 class=\"wp-block-heading\">Qu\u2019est-ce que le RGPD et qui est concern\u00e9 ?<\/h3>\n\n\n\n<p>Le RGPD est un r\u00e8glement europ\u00e9en applicable \u00e0 toute entit\u00e9 traitant des donn\u00e9es personnelles sur le territoire de l\u2019UE. Toutes les entreprises, associations ou collectivit\u00e9s sont concern\u00e9es.<\/p>\n\n\n\n<h3 class=\"wp-block-heading\">Que risque une entreprise non conforme au RGPD ?<\/h3>\n\n\n\n<p>Outre les <strong>sanctions RGPD<\/strong>, une entreprise peut voir sa r\u00e9putation d\u00e9grad\u00e9e et perdre la confiance de ses partenaires commerciaux.<\/p>\n\n\n\n<h3 class=\"wp-block-heading\">En quoi consiste un audit RGPD ?<\/h3>\n\n\n\n<p>L\u2019<strong>audit RGPD entreprise<\/strong> vise \u00e0 cartographier vos traitements, \u00e9valuer les risques, et proposer un plan d\u2019action clair et prioris\u00e9.<\/p>\n\n\n\n<h3 class=\"wp-block-heading\">Qui doit tenir un registre des traitements ?<\/h3>\n\n\n\n<p>Toute entreprise de plus de 250 salari\u00e9s ou traitant des donn\u00e9es sensibles ou \u00e0 grande \u00e9chelle doit tenir un <strong>registre des traitements<\/strong> \u00e0 jour.<\/p>\n","protected":false},"excerpt":{"rendered":"<p>Le R\u00e8glement G\u00e9n\u00e9ral sur la Protection des Donn\u00e9es (RGPD) est bien plus qu&#8217;une obligation l\u00e9gale&hellip;<\/p>\n","protected":false},"author":1,"featured_media":0,"comment_status":"closed","ping_status":"closed","sticky":false,"template":"","format":"standard","meta":{"rs_blank_template":"","rs_page_bg_color":"","slide_template_v7":"","footnotes":""},"categories":[198],"tags":[],"class_list":["post-35793","post","type-post","status-publish","format-standard","hentry","category-droit-des-affaires"],"_links":{"self":[{"href":"https:\/\/www.avocats-lacombe-brisou.fr\/it\/wp-json\/wp\/v2\/posts\/35793","targetHints":{"allow":["GET"]}}],"collection":[{"href":"https:\/\/www.avocats-lacombe-brisou.fr\/it\/wp-json\/wp\/v2\/posts"}],"about":[{"href":"https:\/\/www.avocats-lacombe-brisou.fr\/it\/wp-json\/wp\/v2\/types\/post"}],"author":[{"embeddable":true,"href":"https:\/\/www.avocats-lacombe-brisou.fr\/it\/wp-json\/wp\/v2\/users\/1"}],"replies":[{"embeddable":true,"href":"https:\/\/www.avocats-lacombe-brisou.fr\/it\/wp-json\/wp\/v2\/comments?post=35793"}],"version-history":[{"count":1,"href":"https:\/\/www.avocats-lacombe-brisou.fr\/it\/wp-json\/wp\/v2\/posts\/35793\/revisions"}],"predecessor-version":[{"id":35794,"href":"https:\/\/www.avocats-lacombe-brisou.fr\/it\/wp-json\/wp\/v2\/posts\/35793\/revisions\/35794"}],"wp:attachment":[{"href":"https:\/\/www.avocats-lacombe-brisou.fr\/it\/wp-json\/wp\/v2\/media?parent=35793"}],"wp:term":[{"taxonomy":"category","embeddable":true,"href":"https:\/\/www.avocats-lacombe-brisou.fr\/it\/wp-json\/wp\/v2\/categories?post=35793"},{"taxonomy":"post_tag","embeddable":true,"href":"https:\/\/www.avocats-lacombe-brisou.fr\/it\/wp-json\/wp\/v2\/tags?post=35793"}],"curies":[{"name":"wp","href":"https:\/\/api.w.org\/{rel}","templated":true}]}}